{"id":1472,"date":"2020-10-16T23:54:53","date_gmt":"2020-10-16T23:54:53","guid":{"rendered":"http:\/\/rubricadigital.com.ar\/?p=1472"},"modified":"2020-10-21T15:45:35","modified_gmt":"2020-10-21T15:45:35","slug":"capacitacion-rubrica-digital","status":"publish","type":"post","link":"https:\/\/rubricadigital.com.ar\/index.php\/2020\/10\/16\/capacitacion-rubrica-digital\/","title":{"rendered":"Capacitaci\u00f3n R\u00fabrica Digital."},"content":{"rendered":"<p>Estimados productores,<\/p>\n<p>Junto a APAS CUYO y FAPASA hemos organizamos\u00a0esta capacitaci\u00f3n online sobre R\u00fabrica Digital para todo aquel que lo desee. Est\u00e1n cordialmente invitados a ser parte de ella.<\/p>\n<p>Se llevar\u00e1 a cabo este martes 20 de octubre a las 17 horas por ZOOM y ser\u00e1 disertado por Lucas Diaz.<\/p>\n<p>\u00a1\u00a1Te esperamos!!<\/p>\n<p><img loading=\"lazy\" class=\"alignnone size-medium wp-image-1473\" src=\"http:\/\/rubricadigital.com.ar\/wp-content\/uploads\/2020\/10\/capacitacion-222x300.jpeg\" alt=\"\" width=\"222\" height=\"300\" srcset=\"https:\/\/rubricadigital.com.ar\/wp-content\/uploads\/2020\/10\/capacitacion-222x300.jpeg 222w, https:\/\/rubricadigital.com.ar\/wp-content\/uploads\/2020\/10\/capacitacion.jpeg 720w\" sizes=\"(max-width: 222px) 100vw, 222px\" \/><\/p>\n","protected":false},"excerpt":{"rendered":"<p>Estimados productores, Junto a APAS CUYO y FAPASA hemos organizamos\u00a0esta capacitaci\u00f3n online sobre R\u00fabrica Digital para todo aquel que lo desee. Est\u00e1n cordialmente invitados a ser parte de ella. Se &#8230;<\/p>\n","protected":false},"author":2,"featured_media":1473,"comment_status":"closed","ping_status":"closed","sticky":false,"template":"","format":"standard","meta":[],"categories":[20],"tags":[],"_links":{"self":[{"href":"https:\/\/rubricadigital.com.ar\/index.php\/wp-json\/wp\/v2\/posts\/1472"}],"collection":[{"href":"https:\/\/rubricadigital.com.ar\/index.php\/wp-json\/wp\/v2\/posts"}],"about":[{"href":"https:\/\/rubricadigital.com.ar\/index.php\/wp-json\/wp\/v2\/types\/post"}],"author":[{"embeddable":true,"href":"https:\/\/rubricadigital.com.ar\/index.php\/wp-json\/wp\/v2\/users\/2"}],"replies":[{"embeddable":true,"href":"https:\/\/rubricadigital.com.ar\/index.php\/wp-json\/wp\/v2\/comments?post=1472"}],"version-history":[{"count":2,"href":"https:\/\/rubricadigital.com.ar\/index.php\/wp-json\/wp\/v2\/posts\/1472\/revisions"}],"predecessor-version":[{"id":1475,"href":"https:\/\/rubricadigital.com.ar\/index.php\/wp-json\/wp\/v2\/posts\/1472\/revisions\/1475"}],"wp:featuredmedia":[{"embeddable":true,"href":"https:\/\/rubricadigital.com.ar\/index.php\/wp-json\/wp\/v2\/media\/1473"}],"wp:attachment":[{"href":"https:\/\/rubricadigital.com.ar\/index.php\/wp-json\/wp\/v2\/media?parent=1472"}],"wp:term":[{"taxonomy":"category","embeddable":true,"href":"https:\/\/rubricadigital.com.ar\/index.php\/wp-json\/wp\/v2\/categories?post=1472"},{"taxonomy":"post_tag","embeddable":true,"href":"https:\/\/rubricadigital.com.ar\/index.php\/wp-json\/wp\/v2\/tags?post=1472"}],"curies":[{"name":"wp","href":"https:\/\/api.w.org\/{rel}","templated":true}]}}